{"id":588,"date":"2017-04-17T12:57:27","date_gmt":"2017-04-17T10:57:27","guid":{"rendered":"http:\/\/2018.beziehungsvoll.de\/?p=588"},"modified":"2018-11-21T11:57:11","modified_gmt":"2018-11-21T10:57:11","slug":"trauer-in-der-paartherapie","status":"publish","type":"post","link":"https:\/\/www.beziehungspraxis.de\/beziehungsvoll\/trauer-in-der-paartherapie\/","title":{"rendered":"Trauer in der Paartherapie?"},"content":{"rendered":"<p><strong>In meinen Augen ist das schmerzvolle Thema &#8222;Trauer&#8220; in der (Paar)Therapie absolut untersch\u00e4tzt. Es d\u00fcrfte nicht verwundern, dass die meisten Menschen zun\u00e4chst aufgrund von Beziehungskonflikten in psychologische Praxen kommen. Es ist aber ein Trugschluss zu glauben, dass Beziehungen immer nur auf der partnerschaftlichen Ebene stattfinden. Und oftmals verbirgt sich darunter weit mehr.<\/strong><\/p>\n<p><!--more--><\/p>\n<h2>Die wichtigste Beziehung<\/h2>\n<p>Geh\u00f6ren Sie zu den Menschen, die unter Beziehung auch immer einen Partner vermuten? Ich sehe das anders. Denn, ganz im Gegenteil, Beziehung ist doch alles im Leben, oder? Jeder Einzelne von uns steht in unz\u00e4hligen Beziehungen zu Freunden, Familie, Partnern, Arbeitskollegen, Haustieren usw. Die Allerwichtigste dabei ist jedoch die Beziehung zu sich selbst. Leider ist diese auch meist des Wurzels \u00dcbel, da sie weitestgehend vernachl\u00e4ssigt oder auch verdr\u00e4ngt wird. Unz\u00e4hlige Menschen haben keinen Bezug zu sich selbst und keinerlei Gesp\u00fcr f\u00fcr sich. Deshalb wissen viele auch nicht was sie brauchen, k\u00f6nnen schlecht Grenzen setzen, \u00fcberfordern sich nicht selten oder kommen irgendwie fremdbestimmt durchs Leben, weil sie die Verantwortung an andere abgeben.<\/p>\n<p>&nbsp;<\/p>\n<h2>Trauerblockaden<\/h2>\n<p>Manchmal haben sie es schlichtweg nicht gelernt oder aber eine traumatische Erfahrung hat dazu gef\u00fchrt, dass die Beziehung zu sich selbst unterbrochen ist. Weil der Verlust einer emotionalen Beziehung im Leben wohl das schmerzhafteste ist, was uns passieren kann, entsteht nicht selten aufgrund von Trennung oder sogar Tod eine Art Trauerblockade. Die entsteht n\u00e4mlich dann, wenn der Trauer kein angemessener Raum einger\u00e4umt wird. Schon Kindern werden Verluste gerne rasch ausgeredet, weil ihre Traurigkeit die Erwachsenen mitbelastet. Da wird dann schon mal schnell ein neues Haustier angeschafft, um die Trauer husch husch zu verjagen.<\/p>\n<p>Aber verdeckte Trauer sucht sich immer ihren Weg. Wenn nicht heute, dann morgen und das umso massiver. Nat\u00fcrlich spielt der Umstand einer Trennung oder des Todes eine gro\u00dfe Rolle dabei. Letztendlich ist es therapeutisch gar nicht so wichtig, ob es um den Verlust eines Elternteils oder Geschwisters oder um die oft als Familiengeheimnis geh\u00fcteten Fehlgeburten, Abtreibungen oder Suizide geht. Die wichtigste Arbeit ist dann, erstmal Raum zu schaffen und sich mit der Trauer zu besch\u00e4ftigen, um dann den Verlust ins Leben integrieren zu k\u00f6nnen. Das wirkt sich auf eine Beziehung auch immer aus und nicht selten l\u00f6sen sich Probleme f\u00f6rmlich in Luft auf. Es lohnt sich also genau hinzuschauen.<\/p>\n<p>&nbsp;<\/p>\n<h2>Trauerkultur<\/h2>\n<p>Unsere (Trauer)Kultur ist darauf ausgelegt, m\u00f6glichst schnell wieder zu funktionieren und unangenehme Dinge und Gef\u00fchle m\u00f6glichst schnell zu verdr\u00e4ngen. Viele sind auch mit dem Thema per se \u00fcberfordert und hilflos. &#8222;Wir m\u00fcssen nach vorne blicken&#8220;, so h\u00f6re ich es immer wieder in meiner Praxis und besonders gerne von M\u00e4nnern. Denn schlie\u00dflich muss das Leben ja weitergehen. Blo\u00df keine Schw\u00e4che zeigen.<\/p>\n<p>So ist es wahrscheinlich auch dem 12-j\u00e4hrigen Harry passiert, dessen Mama vor 20 Jahren bei einem tragischen Unfall ums Leben kam. Es handelt sich um den Sohn von Lady Di. Erst im erwachsenen Alter von 28 Jahren hat er sich Unterst\u00fctzung gesucht. Gut gemacht!<\/p>\n<p><a href=\"http:\/\/www.focus.de\/kultur\/kino_tv\/gestaendnis-in-britischer-zeitung-nach-dem-tod-seiner-mutter-prinz-harry-steckte-jahrelang-den-kopf-in-den-sand_id_6970086.html\" target=\"_blank\" rel=\"noopener\">Artikel lesen &#8230;<\/a><\/p>\n<p>&nbsp;<\/p>\n<p><i>Foto: \u00a9 Susanna Amberger<br \/>\n<\/i><\/p>\n","protected":false},"excerpt":{"rendered":"<p>In meinen Augen ist das schmerzvolle Thema &#8222;Trauer&#8220; in der (Paar)Therapie absolut untersch\u00e4tzt. Es d\u00fcrfte nicht verwundern, dass die meisten Menschen zun\u00e4chst aufgrund von Beziehungskonflikten in psychologische Praxen kommen. Es ist aber ein Trugschluss zu glauben, dass Beziehungen immer nur auf der partnerschaftlichen Ebene stattfinden. Und oftmals verbirgt sich darunter weit mehr.<\/p>\n","protected":false},"author":2,"featured_media":589,"comment_status":"open","ping_status":"open","sticky":false,"template":"","format":"standard","meta":{"footnotes":""},"categories":[277,3],"tags":[212,133,58,50,89,49],"_links":{"self":[{"href":"https:\/\/www.beziehungspraxis.de\/beziehungsvoll\/wp-json\/wp\/v2\/posts\/588"}],"collection":[{"href":"https:\/\/www.beziehungspraxis.de\/beziehungsvoll\/wp-json\/wp\/v2\/posts"}],"about":[{"href":"https:\/\/www.beziehungspraxis.de\/beziehungsvoll\/wp-json\/wp\/v2\/types\/post"}],"author":[{"embeddable":true,"href":"https:\/\/www.beziehungspraxis.de\/beziehungsvoll\/wp-json\/wp\/v2\/users\/2"}],"replies":[{"embeddable":true,"href":"https:\/\/www.beziehungspraxis.de\/beziehungsvoll\/wp-json\/wp\/v2\/comments?post=588"}],"version-history":[{"count":12,"href":"https:\/\/www.beziehungspraxis.de\/beziehungsvoll\/wp-json\/wp\/v2\/posts\/588\/revisions"}],"predecessor-version":[{"id":4557,"href":"https:\/\/www.beziehungspraxis.de\/beziehungsvoll\/wp-json\/wp\/v2\/posts\/588\/revisions\/4557"}],"wp:featuredmedia":[{"embeddable":true,"href":"https:\/\/www.beziehungspraxis.de\/beziehungsvoll\/wp-json\/wp\/v2\/media\/589"}],"wp:attachment":[{"href":"https:\/\/www.beziehungspraxis.de\/beziehungsvoll\/wp-json\/wp\/v2\/media?parent=588"}],"wp:term":[{"taxonomy":"category","embeddable":true,"href":"https:\/\/www.beziehungspraxis.de\/beziehungsvoll\/wp-json\/wp\/v2\/categories?post=588"},{"taxonomy":"post_tag","embeddable":true,"href":"https:\/\/www.beziehungspraxis.de\/beziehungsvoll\/wp-json\/wp\/v2\/tags?post=588"}],"curies":[{"name":"wp","href":"https:\/\/api.w.org\/{rel}","templated":true}]}}