{"id":535,"date":"2015-03-23T14:29:20","date_gmt":"2015-03-23T12:29:20","guid":{"rendered":"http:\/\/2018.beziehungsvoll.de\/?p=535"},"modified":"2018-11-21T09:18:09","modified_gmt":"2018-11-21T08:18:09","slug":"nomen-est-omen","status":"publish","type":"post","link":"https:\/\/www.beziehungspraxis.de\/beziehungsvoll\/nomen-est-omen\/","title":{"rendered":"Nomen est omen"},"content":{"rendered":"<p><strong>Wie gerne wir Menschen doch immer wieder nach Erkl\u00e4rungen suchen, warum wir so sind wie wir sind. Was sagt unsere Schrift \u00fcber uns aus oder unser K\u00fchlschrankinhalt? Unser Fahrstil, unsere Inneneinrichtung und unser Name?<\/strong>\u00a0<!--more--><\/p>\n<h2>Namen wollen gut \u00fcberlegt sein<\/h2>\n<p>F\u00e4hrt Moritz Porsche, weil er ehrgeizig ist und kommt sie aus gutem Hause, nur weil\u00a0ihr Name\u00a0Julia ist? Laut nachstehender Umfrage stehen Mias\u00a0gern im Mittelpunkt, haben Annikas blonde Haare und Marcels stehen auf Energy-Drinks, w\u00e4hrend Jans dauerhaft nach ihrer Identit\u00e4t suchen.<\/p>\n<p>Wenn\u00a0Eltern ahnen w\u00fcrden, was sie\u00a0Kindern durch den Namen\u00a0bereits an &#8222;wichtigen&#8220; Informationen mitgeben,\u00a0dann w\u00e4ren einige von uns sicher (und besser) namenlos geblieben. Marvins werden n\u00e4mlich nie erwachsen und Ninas sind\u00a0irgendwie immer niedlich.<\/p>\n<p>Im folgenden Artikel kommen\u00a0noch mehr\u00a0witzige Assoziationen zu verschiedenen Namen und wenn ich ganz ehrlich sein darf: einiges davon kommt mir durchaus\u00a0bekannt vor &#8230;<\/p>\n<p><a href=\"http:\/\/www.buzzfeed.com\/annadushime\/was-dein-vorname-uber-dich-verrat\" target=\"_blank\" rel=\"noopener\">Hier weiterlesen &#8230;<\/a><\/p>\n<p>&nbsp;<\/p>\n<p><em>Foto: \u00a9 Jenny Sturm &#8211; Fotolia.com<\/em><\/p>\n","protected":false},"excerpt":{"rendered":"<p>Wie gerne wir Menschen doch immer wieder nach Erkl\u00e4rungen suchen, warum wir so sind wie wir sind. Was sagt unsere Schrift \u00fcber uns aus oder unser K\u00fchlschrankinhalt? Unser Fahrstil, unsere Inneneinrichtung und unser Name?\u00a0<\/p>\n","protected":false},"author":2,"featured_media":536,"comment_status":"open","ping_status":"open","sticky":false,"template":"","format":"standard","meta":{"footnotes":""},"categories":[1],"tags":[47,23,20],"_links":{"self":[{"href":"https:\/\/www.beziehungspraxis.de\/beziehungsvoll\/wp-json\/wp\/v2\/posts\/535"}],"collection":[{"href":"https:\/\/www.beziehungspraxis.de\/beziehungsvoll\/wp-json\/wp\/v2\/posts"}],"about":[{"href":"https:\/\/www.beziehungspraxis.de\/beziehungsvoll\/wp-json\/wp\/v2\/types\/post"}],"author":[{"embeddable":true,"href":"https:\/\/www.beziehungspraxis.de\/beziehungsvoll\/wp-json\/wp\/v2\/users\/2"}],"replies":[{"embeddable":true,"href":"https:\/\/www.beziehungspraxis.de\/beziehungsvoll\/wp-json\/wp\/v2\/comments?post=535"}],"version-history":[{"count":5,"href":"https:\/\/www.beziehungspraxis.de\/beziehungsvoll\/wp-json\/wp\/v2\/posts\/535\/revisions"}],"predecessor-version":[{"id":4464,"href":"https:\/\/www.beziehungspraxis.de\/beziehungsvoll\/wp-json\/wp\/v2\/posts\/535\/revisions\/4464"}],"wp:featuredmedia":[{"embeddable":true,"href":"https:\/\/www.beziehungspraxis.de\/beziehungsvoll\/wp-json\/wp\/v2\/media\/536"}],"wp:attachment":[{"href":"https:\/\/www.beziehungspraxis.de\/beziehungsvoll\/wp-json\/wp\/v2\/media?parent=535"}],"wp:term":[{"taxonomy":"category","embeddable":true,"href":"https:\/\/www.beziehungspraxis.de\/beziehungsvoll\/wp-json\/wp\/v2\/categories?post=535"},{"taxonomy":"post_tag","embeddable":true,"href":"https:\/\/www.beziehungspraxis.de\/beziehungsvoll\/wp-json\/wp\/v2\/tags?post=535"}],"curies":[{"name":"wp","href":"https:\/\/api.w.org\/{rel}","templated":true}]}}